{"id":5514,"date":"2022-11-15T09:46:52","date_gmt":"2022-11-15T09:46:52","guid":{"rendered":"https:\/\/www.produtiva.net\/v4\/?p=5514"},"modified":"2022-11-15T09:46:52","modified_gmt":"2022-11-15T09:46:52","slug":"25-ans-de-certification-du-systeme-de-gestion-produtiva","status":"publish","type":"post","link":"https:\/\/www.produtiva.net\/v4\/fr\/25-ans-de-certification-du-systeme-de-gestion-produtiva\/","title":{"rendered":"25 ans de certification du syst\u00e8me de gestion PRODUTIVA"},"content":{"rendered":"<p>En 1997, Produtiva a obtenu la certification ISO, Syst\u00e8mes de gestion de la qualit\u00e9 (initialement ISO 9002, actuellement ISO 9001:2015).<br \/>\nDepuis 25 ans ! !! Ann\u00e9e apr\u00e8s ann\u00e9e, PRODUTIVA a pu maintenir cette certification de mani\u00e8re ininterrompue.<br \/>\nIl faut se rappeler qu&#8217;\u00e0 l&#8217;\u00e9poque, pour obtenir la certification, il fallait surmonter un processus tr\u00e8s complexe&#8230;peu d&#8217;entreprises \u00e9taient certifi\u00e9es&#8230;une fois de plus, PRODUTIVA a innov\u00e9 !<br \/>\nLa voie de l&#8217;am\u00e9lioration continue a \u00e9t\u00e9 une orientation omnipr\u00e9sente tout au long des 112 ann\u00e9es de notre existence. Mais il ne fait aucun doute que les 25 derni\u00e8res ann\u00e9es, avec le nouveau syst\u00e8me de gestion, ont donn\u00e9 une forte impulsion \u00e0 cet objectif.<br \/>\nCe sont 25 ans de progr\u00e8s et de d\u00e9veloppement, toujours dans le but d&#8217;offrir le meilleur service au client.<br \/>\nLa norme actuelle est bas\u00e9e sur sept principes de gestion que PRODUTIVA suit<br \/>\n&#8211; Orientation cliente &#8211; Tous les employ\u00e9s sont conscients que les exigences du client sont un imp\u00e9ratif et travaillent rigoureusement pour que le client reconnaisse le soin apport\u00e9 \u00e0 la production et \u00e0 la pr\u00e9paration des commandes. L&#8217;objectif est de d\u00e9passer leurs attentes.<br \/>\n&#8211; Leadership &#8211; L&#8217;administration \u00e9tablit, \u00e0 tous les niveaux, l&#8217;unit\u00e9 dans le but et la direction de l&#8217;entreprise, cr\u00e9ant les conditions pour que les employ\u00e9s s&#8217;engagent \u00e0 atteindre les objectifs de l&#8217;organisation. Le groupe de gestion a pour mission de transmettre les objectifs \u00e0 tous les employ\u00e9s, ainsi que de contr\u00f4ler leur application.<br \/>\n&#8211; Engagement des personnes &#8211; Nous reconnaissons que le principal capital de l&#8217;entreprise est son personnel et qu&#8217;il est essentiel de reconna\u00eetre leur comp\u00e9tence, en veillant \u00e0 ce qu&#8217;ils s&#8217;engagent \u00e0 atteindre les objectifs.<br \/>\n&#8211; Approche par processos &#8211; Le r\u00e9seau des processus et leur interaction aident \u00e0 comprendre comment le syst\u00e8me produit des r\u00e9sultats et permettent \u00e0 l&#8217;entreprise d&#8217;optimiser ses performances, avec un contr\u00f4le continu.<br \/>\n&#8211; Am\u00e9lioration &#8211; Produtiva a toujours \u00e9t\u00e9 ax\u00e9e sur l&#8217;am\u00e9lioration, l&#8217;optimisation des processus, l&#8217;am\u00e9lioration des ressources et la formation des employ\u00e9s.<br \/>\n&#8211; Prise de d\u00e9cision fond\u00e9e sur des donn\u00e9es probantes &#8211; L&#8217;analyse et l&#8217;\u00e9valuation des donn\u00e9es et des informations sont le point de d\u00e9part des d\u00e9cisions de gestion, qui cherchent \u00e0 r\u00e9duire l&#8217;incertitude afin de produire les r\u00e9sultats souhait\u00e9s.<br \/>\n&#8211; Gestion des relations &#8211; Produtiva g\u00e8re les relations avec ses parties prenantes (clients, fournisseurs, employ\u00e9s, actionnaires et entit\u00e9s publiques) afin de respecter leurs attentes et de chercher \u00e0 optimiser les impacts respectifs sur ses performances.<\/p>\n<p>C&#8217;est cette culture de la rigueur qui a guid\u00e9 Produtiva au cours de ses 112 ans d&#8217;existence, dont 25 avec la certification ISO. C&#8217;est la culture de notre entreprise. Gr\u00e2ce \u00e0 elle, nous nous sentons plus \u00e0 m\u00eame de relever les d\u00e9fis.<\/p>\n","protected":false},"excerpt":{"rendered":"<p>En 1997, Produtiva a obtenu la certification ISO, Syst\u00e8mes de gestion de la qualit\u00e9 (initialement ISO 9002, actuellement ISO 9001:2015). Depuis 25 ans ! !! Ann\u00e9e apr\u00e8s ann\u00e9e, PRODUTIVA a pu maintenir cette certification de mani\u00e8re ininterrompue. Il faut se rappeler qu&#8217;\u00e0 l&#8217;\u00e9poque, pour obtenir la certification, il fallait surmonter un processus tr\u00e8s complexe&#8230;peu d&#8217;entreprises [&hellip;]<\/p>\n","protected":false},"author":2,"featured_media":5508,"comment_status":"open","ping_status":"open","sticky":false,"template":"","format":"standard","meta":{"_monsterinsights_skip_tracking":false,"_monsterinsights_sitenote_active":false,"_monsterinsights_sitenote_note":"","_monsterinsights_sitenote_category":0,"footnotes":""},"categories":[33],"tags":[],"class_list":["post-5514","post","type-post","status-publish","format-standard","has-post-thumbnail","hentry","category-sem-categoria-fr"],"yoast_head":"<!-- This site is optimized with the Yoast SEO plugin v25.5 - https:\/\/yoast.com\/wordpress\/plugins\/seo\/ -->\n<title>25 ans de certification du syst\u00e8me de gestion PRODUTIVA - Produtiva<\/title>\n<meta name=\"robots\" content=\"index, follow, max-snippet:-1, max-image-preview:large, max-video-preview:-1\" \/>\n<link rel=\"canonical\" href=\"https:\/\/www.produtiva.net\/v4\/fr\/25-ans-de-certification-du-systeme-de-gestion-produtiva\/\" \/>\n<meta property=\"og:locale\" content=\"pt_PT\" \/>\n<meta property=\"og:type\" content=\"article\" \/>\n<meta property=\"og:title\" content=\"25 ans de certification du syst\u00e8me de gestion PRODUTIVA - Produtiva\" \/>\n<meta property=\"og:description\" content=\"En 1997, Produtiva a obtenu la certification ISO, Syst\u00e8mes de gestion de la qualit\u00e9 (initialement ISO 9002, actuellement ISO 9001:2015). Depuis 25 ans ! !! Ann\u00e9e apr\u00e8s ann\u00e9e, PRODUTIVA a pu maintenir cette certification de mani\u00e8re ininterrompue. Il faut se rappeler qu&#8217;\u00e0 l&#8217;\u00e9poque, pour obtenir la certification, il fallait surmonter un processus tr\u00e8s complexe&#8230;peu d&#8217;entreprises [&hellip;]\" \/>\n<meta property=\"og:url\" content=\"https:\/\/www.produtiva.net\/v4\/fr\/25-ans-de-certification-du-systeme-de-gestion-produtiva\/\" \/>\n<meta property=\"og:site_name\" content=\"Produtiva\" \/>\n<meta property=\"article:published_time\" content=\"2022-11-15T09:46:52+00:00\" \/>\n<meta property=\"og:image\" content=\"https:\/\/www.produtiva.net\/v4\/wp-content\/uploads\/2022\/11\/iso-9001.png\" \/>\n\t<meta property=\"og:image:width\" content=\"1920\" \/>\n\t<meta property=\"og:image:height\" content=\"1080\" \/>\n\t<meta property=\"og:image:type\" content=\"image\/png\" \/>\n<meta name=\"author\" content=\"Produtiva\" \/>\n<meta name=\"twitter:card\" content=\"summary_large_image\" \/>\n<meta name=\"twitter:label1\" content=\"Escrito por\" \/>\n\t<meta name=\"twitter:data1\" content=\"Produtiva\" \/>\n\t<meta name=\"twitter:label2\" content=\"Tempo estimado de leitura\" \/>\n\t<meta name=\"twitter:data2\" content=\"2 minutos\" \/>\n<script type=\"application\/ld+json\" class=\"yoast-schema-graph\">{\"@context\":\"https:\/\/schema.org\",\"@graph\":[{\"@type\":\"Article\",\"@id\":\"https:\/\/www.produtiva.net\/v4\/fr\/25-ans-de-certification-du-systeme-de-gestion-produtiva\/#article\",\"isPartOf\":{\"@id\":\"https:\/\/www.produtiva.net\/v4\/fr\/25-ans-de-certification-du-systeme-de-gestion-produtiva\/\"},\"author\":{\"name\":\"Produtiva\",\"@id\":\"https:\/\/www.produtiva.net\/v4\/#\/schema\/person\/2c87c4ac60b9cb59ace5479c3b4571ce\"},\"headline\":\"25 ans de certification du syst\u00e8me de gestion PRODUTIVA\",\"datePublished\":\"2022-11-15T09:46:52+00:00\",\"mainEntityOfPage\":{\"@id\":\"https:\/\/www.produtiva.net\/v4\/fr\/25-ans-de-certification-du-systeme-de-gestion-produtiva\/\"},\"wordCount\":476,\"commentCount\":0,\"publisher\":{\"@id\":\"https:\/\/www.produtiva.net\/v4\/#organization\"},\"image\":{\"@id\":\"https:\/\/www.produtiva.net\/v4\/fr\/25-ans-de-certification-du-systeme-de-gestion-produtiva\/#primaryimage\"},\"thumbnailUrl\":\"https:\/\/www.produtiva.net\/v4\/wp-content\/uploads\/2022\/11\/iso-9001.png\",\"inLanguage\":\"pt-PT\",\"potentialAction\":[{\"@type\":\"CommentAction\",\"name\":\"Comment\",\"target\":[\"https:\/\/www.produtiva.net\/v4\/fr\/25-ans-de-certification-du-systeme-de-gestion-produtiva\/#respond\"]}]},{\"@type\":\"WebPage\",\"@id\":\"https:\/\/www.produtiva.net\/v4\/fr\/25-ans-de-certification-du-systeme-de-gestion-produtiva\/\",\"url\":\"https:\/\/www.produtiva.net\/v4\/fr\/25-ans-de-certification-du-systeme-de-gestion-produtiva\/\",\"name\":\"25 ans de certification du syst\u00e8me de gestion PRODUTIVA - Produtiva\",\"isPartOf\":{\"@id\":\"https:\/\/www.produtiva.net\/v4\/#website\"},\"primaryImageOfPage\":{\"@id\":\"https:\/\/www.produtiva.net\/v4\/fr\/25-ans-de-certification-du-systeme-de-gestion-produtiva\/#primaryimage\"},\"image\":{\"@id\":\"https:\/\/www.produtiva.net\/v4\/fr\/25-ans-de-certification-du-systeme-de-gestion-produtiva\/#primaryimage\"},\"thumbnailUrl\":\"https:\/\/www.produtiva.net\/v4\/wp-content\/uploads\/2022\/11\/iso-9001.png\",\"datePublished\":\"2022-11-15T09:46:52+00:00\",\"breadcrumb\":{\"@id\":\"https:\/\/www.produtiva.net\/v4\/fr\/25-ans-de-certification-du-systeme-de-gestion-produtiva\/#breadcrumb\"},\"inLanguage\":\"pt-PT\",\"potentialAction\":[{\"@type\":\"ReadAction\",\"target\":[\"https:\/\/www.produtiva.net\/v4\/fr\/25-ans-de-certification-du-systeme-de-gestion-produtiva\/\"]}]},{\"@type\":\"ImageObject\",\"inLanguage\":\"pt-PT\",\"@id\":\"https:\/\/www.produtiva.net\/v4\/fr\/25-ans-de-certification-du-systeme-de-gestion-produtiva\/#primaryimage\",\"url\":\"https:\/\/www.produtiva.net\/v4\/wp-content\/uploads\/2022\/11\/iso-9001.png\",\"contentUrl\":\"https:\/\/www.produtiva.net\/v4\/wp-content\/uploads\/2022\/11\/iso-9001.png\",\"width\":1920,\"height\":1080},{\"@type\":\"BreadcrumbList\",\"@id\":\"https:\/\/www.produtiva.net\/v4\/fr\/25-ans-de-certification-du-systeme-de-gestion-produtiva\/#breadcrumb\",\"itemListElement\":[{\"@type\":\"ListItem\",\"position\":1,\"name\":\"In\u00edcio\",\"item\":\"https:\/\/www.produtiva.net\/v4\/\"},{\"@type\":\"ListItem\",\"position\":2,\"name\":\"25 ans de certification du syst\u00e8me de gestion PRODUTIVA\"}]},{\"@type\":\"WebSite\",\"@id\":\"https:\/\/www.produtiva.net\/v4\/#website\",\"url\":\"https:\/\/www.produtiva.net\/v4\/\",\"name\":\"Produtiva\",\"description\":\"SA\",\"publisher\":{\"@id\":\"https:\/\/www.produtiva.net\/v4\/#organization\"},\"potentialAction\":[{\"@type\":\"SearchAction\",\"target\":{\"@type\":\"EntryPoint\",\"urlTemplate\":\"https:\/\/www.produtiva.net\/v4\/?s={search_term_string}\"},\"query-input\":{\"@type\":\"PropertyValueSpecification\",\"valueRequired\":true,\"valueName\":\"search_term_string\"}}],\"inLanguage\":\"pt-PT\"},{\"@type\":\"Organization\",\"@id\":\"https:\/\/www.produtiva.net\/v4\/#organization\",\"name\":\"Produtiva\",\"url\":\"https:\/\/www.produtiva.net\/v4\/\",\"logo\":{\"@type\":\"ImageObject\",\"inLanguage\":\"pt-PT\",\"@id\":\"https:\/\/www.produtiva.net\/v4\/#\/schema\/logo\/image\/\",\"url\":\"https:\/\/www.produtiva.net\/v4\/wp-content\/uploads\/2019\/08\/logo-produtiva-black.png\",\"contentUrl\":\"https:\/\/www.produtiva.net\/v4\/wp-content\/uploads\/2019\/08\/logo-produtiva-black.png\",\"width\":238,\"height\":52,\"caption\":\"Produtiva\"},\"image\":{\"@id\":\"https:\/\/www.produtiva.net\/v4\/#\/schema\/logo\/image\/\"}},{\"@type\":\"Person\",\"@id\":\"https:\/\/www.produtiva.net\/v4\/#\/schema\/person\/2c87c4ac60b9cb59ace5479c3b4571ce\",\"name\":\"Produtiva\",\"image\":{\"@type\":\"ImageObject\",\"inLanguage\":\"pt-PT\",\"@id\":\"https:\/\/www.produtiva.net\/v4\/#\/schema\/person\/image\/\",\"url\":\"https:\/\/secure.gravatar.com\/avatar\/ea43f26baabcea9696c056bb57191464169e61d7c6476ac53cb1a95d2d36db9c?s=96&d=mm&r=g\",\"contentUrl\":\"https:\/\/secure.gravatar.com\/avatar\/ea43f26baabcea9696c056bb57191464169e61d7c6476ac53cb1a95d2d36db9c?s=96&d=mm&r=g\",\"caption\":\"Produtiva\"},\"url\":\"https:\/\/www.produtiva.net\/v4\/author\/produtiva\/\"}]}<\/script>\n<!-- \/ Yoast SEO plugin. -->","yoast_head_json":{"title":"25 ans de certification du syst\u00e8me de gestion PRODUTIVA - Produtiva","robots":{"index":"index","follow":"follow","max-snippet":"max-snippet:-1","max-image-preview":"max-image-preview:large","max-video-preview":"max-video-preview:-1"},"canonical":"https:\/\/www.produtiva.net\/v4\/fr\/25-ans-de-certification-du-systeme-de-gestion-produtiva\/","og_locale":"pt_PT","og_type":"article","og_title":"25 ans de certification du syst\u00e8me de gestion PRODUTIVA - Produtiva","og_description":"En 1997, Produtiva a obtenu la certification ISO, Syst\u00e8mes de gestion de la qualit\u00e9 (initialement ISO 9002, actuellement ISO 9001:2015). Depuis 25 ans ! !! Ann\u00e9e apr\u00e8s ann\u00e9e, PRODUTIVA a pu maintenir cette certification de mani\u00e8re ininterrompue. Il faut se rappeler qu&#8217;\u00e0 l&#8217;\u00e9poque, pour obtenir la certification, il fallait surmonter un processus tr\u00e8s complexe&#8230;peu d&#8217;entreprises [&hellip;]","og_url":"https:\/\/www.produtiva.net\/v4\/fr\/25-ans-de-certification-du-systeme-de-gestion-produtiva\/","og_site_name":"Produtiva","article_published_time":"2022-11-15T09:46:52+00:00","og_image":[{"width":1920,"height":1080,"url":"https:\/\/www.produtiva.net\/v4\/wp-content\/uploads\/2022\/11\/iso-9001.png","type":"image\/png"}],"author":"Produtiva","twitter_card":"summary_large_image","twitter_misc":{"Escrito por":"Produtiva","Tempo estimado de leitura":"2 minutos"},"schema":{"@context":"https:\/\/schema.org","@graph":[{"@type":"Article","@id":"https:\/\/www.produtiva.net\/v4\/fr\/25-ans-de-certification-du-systeme-de-gestion-produtiva\/#article","isPartOf":{"@id":"https:\/\/www.produtiva.net\/v4\/fr\/25-ans-de-certification-du-systeme-de-gestion-produtiva\/"},"author":{"name":"Produtiva","@id":"https:\/\/www.produtiva.net\/v4\/#\/schema\/person\/2c87c4ac60b9cb59ace5479c3b4571ce"},"headline":"25 ans de certification du syst\u00e8me de gestion PRODUTIVA","datePublished":"2022-11-15T09:46:52+00:00","mainEntityOfPage":{"@id":"https:\/\/www.produtiva.net\/v4\/fr\/25-ans-de-certification-du-systeme-de-gestion-produtiva\/"},"wordCount":476,"commentCount":0,"publisher":{"@id":"https:\/\/www.produtiva.net\/v4\/#organization"},"image":{"@id":"https:\/\/www.produtiva.net\/v4\/fr\/25-ans-de-certification-du-systeme-de-gestion-produtiva\/#primaryimage"},"thumbnailUrl":"https:\/\/www.produtiva.net\/v4\/wp-content\/uploads\/2022\/11\/iso-9001.png","inLanguage":"pt-PT","potentialAction":[{"@type":"CommentAction","name":"Comment","target":["https:\/\/www.produtiva.net\/v4\/fr\/25-ans-de-certification-du-systeme-de-gestion-produtiva\/#respond"]}]},{"@type":"WebPage","@id":"https:\/\/www.produtiva.net\/v4\/fr\/25-ans-de-certification-du-systeme-de-gestion-produtiva\/","url":"https:\/\/www.produtiva.net\/v4\/fr\/25-ans-de-certification-du-systeme-de-gestion-produtiva\/","name":"25 ans de certification du syst\u00e8me de gestion PRODUTIVA - Produtiva","isPartOf":{"@id":"https:\/\/www.produtiva.net\/v4\/#website"},"primaryImageOfPage":{"@id":"https:\/\/www.produtiva.net\/v4\/fr\/25-ans-de-certification-du-systeme-de-gestion-produtiva\/#primaryimage"},"image":{"@id":"https:\/\/www.produtiva.net\/v4\/fr\/25-ans-de-certification-du-systeme-de-gestion-produtiva\/#primaryimage"},"thumbnailUrl":"https:\/\/www.produtiva.net\/v4\/wp-content\/uploads\/2022\/11\/iso-9001.png","datePublished":"2022-11-15T09:46:52+00:00","breadcrumb":{"@id":"https:\/\/www.produtiva.net\/v4\/fr\/25-ans-de-certification-du-systeme-de-gestion-produtiva\/#breadcrumb"},"inLanguage":"pt-PT","potentialAction":[{"@type":"ReadAction","target":["https:\/\/www.produtiva.net\/v4\/fr\/25-ans-de-certification-du-systeme-de-gestion-produtiva\/"]}]},{"@type":"ImageObject","inLanguage":"pt-PT","@id":"https:\/\/www.produtiva.net\/v4\/fr\/25-ans-de-certification-du-systeme-de-gestion-produtiva\/#primaryimage","url":"https:\/\/www.produtiva.net\/v4\/wp-content\/uploads\/2022\/11\/iso-9001.png","contentUrl":"https:\/\/www.produtiva.net\/v4\/wp-content\/uploads\/2022\/11\/iso-9001.png","width":1920,"height":1080},{"@type":"BreadcrumbList","@id":"https:\/\/www.produtiva.net\/v4\/fr\/25-ans-de-certification-du-systeme-de-gestion-produtiva\/#breadcrumb","itemListElement":[{"@type":"ListItem","position":1,"name":"In\u00edcio","item":"https:\/\/www.produtiva.net\/v4\/"},{"@type":"ListItem","position":2,"name":"25 ans de certification du syst\u00e8me de gestion PRODUTIVA"}]},{"@type":"WebSite","@id":"https:\/\/www.produtiva.net\/v4\/#website","url":"https:\/\/www.produtiva.net\/v4\/","name":"Produtiva","description":"SA","publisher":{"@id":"https:\/\/www.produtiva.net\/v4\/#organization"},"potentialAction":[{"@type":"SearchAction","target":{"@type":"EntryPoint","urlTemplate":"https:\/\/www.produtiva.net\/v4\/?s={search_term_string}"},"query-input":{"@type":"PropertyValueSpecification","valueRequired":true,"valueName":"search_term_string"}}],"inLanguage":"pt-PT"},{"@type":"Organization","@id":"https:\/\/www.produtiva.net\/v4\/#organization","name":"Produtiva","url":"https:\/\/www.produtiva.net\/v4\/","logo":{"@type":"ImageObject","inLanguage":"pt-PT","@id":"https:\/\/www.produtiva.net\/v4\/#\/schema\/logo\/image\/","url":"https:\/\/www.produtiva.net\/v4\/wp-content\/uploads\/2019\/08\/logo-produtiva-black.png","contentUrl":"https:\/\/www.produtiva.net\/v4\/wp-content\/uploads\/2019\/08\/logo-produtiva-black.png","width":238,"height":52,"caption":"Produtiva"},"image":{"@id":"https:\/\/www.produtiva.net\/v4\/#\/schema\/logo\/image\/"}},{"@type":"Person","@id":"https:\/\/www.produtiva.net\/v4\/#\/schema\/person\/2c87c4ac60b9cb59ace5479c3b4571ce","name":"Produtiva","image":{"@type":"ImageObject","inLanguage":"pt-PT","@id":"https:\/\/www.produtiva.net\/v4\/#\/schema\/person\/image\/","url":"https:\/\/secure.gravatar.com\/avatar\/ea43f26baabcea9696c056bb57191464169e61d7c6476ac53cb1a95d2d36db9c?s=96&d=mm&r=g","contentUrl":"https:\/\/secure.gravatar.com\/avatar\/ea43f26baabcea9696c056bb57191464169e61d7c6476ac53cb1a95d2d36db9c?s=96&d=mm&r=g","caption":"Produtiva"},"url":"https:\/\/www.produtiva.net\/v4\/author\/produtiva\/"}]}},"_links":{"self":[{"href":"https:\/\/www.produtiva.net\/v4\/wp-json\/wp\/v2\/posts\/5514","targetHints":{"allow":["GET"]}}],"collection":[{"href":"https:\/\/www.produtiva.net\/v4\/wp-json\/wp\/v2\/posts"}],"about":[{"href":"https:\/\/www.produtiva.net\/v4\/wp-json\/wp\/v2\/types\/post"}],"author":[{"embeddable":true,"href":"https:\/\/www.produtiva.net\/v4\/wp-json\/wp\/v2\/users\/2"}],"replies":[{"embeddable":true,"href":"https:\/\/www.produtiva.net\/v4\/wp-json\/wp\/v2\/comments?post=5514"}],"version-history":[{"count":1,"href":"https:\/\/www.produtiva.net\/v4\/wp-json\/wp\/v2\/posts\/5514\/revisions"}],"predecessor-version":[{"id":5515,"href":"https:\/\/www.produtiva.net\/v4\/wp-json\/wp\/v2\/posts\/5514\/revisions\/5515"}],"wp:featuredmedia":[{"embeddable":true,"href":"https:\/\/www.produtiva.net\/v4\/wp-json\/wp\/v2\/media\/5508"}],"wp:attachment":[{"href":"https:\/\/www.produtiva.net\/v4\/wp-json\/wp\/v2\/media?parent=5514"}],"wp:term":[{"taxonomy":"category","embeddable":true,"href":"https:\/\/www.produtiva.net\/v4\/wp-json\/wp\/v2\/categories?post=5514"},{"taxonomy":"post_tag","embeddable":true,"href":"https:\/\/www.produtiva.net\/v4\/wp-json\/wp\/v2\/tags?post=5514"}],"curies":[{"name":"wp","href":"https:\/\/api.w.org\/{rel}","templated":true}]}}