{"id":5744,"date":"2023-06-06T09:00:43","date_gmt":"2023-06-06T09:00:43","guid":{"rendered":"https:\/\/www.produtiva.net\/v4\/?p=5744"},"modified":"2023-06-06T09:16:18","modified_gmt":"2023-06-06T09:16:18","slug":"produtiva-marca-presencia-en-la-asamblea-general-de-anefa-2023","status":"publish","type":"post","link":"https:\/\/www.produtiva.net\/v4\/es\/produtiva-marca-presencia-en-la-asamblea-general-de-anefa-2023\/","title":{"rendered":"PRODUTIVA MARCA PRESENCIA EN LA ASAMBLEA GENERAL DE ANEFA 2023"},"content":{"rendered":"<p>A principios de mes se celebr\u00f3 la Asamblea General Ordinaria de ANEFA y Produtiva, como miembro activo de esta organizaci\u00f3n, asisti\u00f3 al evento m\u00e1s importante que re\u00fane a los profesionales del sector.<\/p>\n<p>El punto \u00e1lgido de esta reuni\u00f3n fue el homenaje que se rindi\u00f3 al presidente saliente Ram\u00f3n Ruberte Aur\u00e9, que llevaba nueve a\u00f1os en el cargo y que fue sustituido por su vicepresidente Santiago S\u00e1nchez \u00c1lvarez. Todos los empresarios presentes rindieron homenaje a la labor realizada por el anterior presidente.<\/p>\n<p>La Asamblea General abord\u00f3 todos los temas que contribuyen al desarrollo de la actividad extractiva de \u00e1ridos, en concreto la crisis de precios y costes energ\u00e9ticos. A este nivel, muchas fueron las intervenciones que vinieron a hacer un seguimiento del estado de la cuesti\u00f3n del sector, con informaci\u00f3n relativa a cu\u00e1l ha sido la evoluci\u00f3n de los \u00faltimos tiempos. Por otro lado, tambi\u00e9n hubo intervenciones que promueven soluciones para mejorar la competitividad del sector.<\/p>\n<p>SOSTENIBILIDAD &#8211; EVOLUCI\u00d3N DEL SECTOR<br \/>\nEl sector de los \u00e1ridos cerr\u00f3 el a\u00f1o 2022 con unas cifras que dan fe de su sostenibilidad, ya que se mantienen en los niveles de a\u00f1os anteriores, y la previsi\u00f3n es tambi\u00e9n de continuidad para el a\u00f1o en curso. En 2022 hubo un consumo de 183,8 millones de toneladas de \u00e1ridos, lo que corresponde a un crecimiento residual del 2,2%.<\/p>\n<p>PRODUTIVA EN DESTAQUE<br \/>\nProdutiva estuvo presente en este evento y patrocin\u00f3 uno de los momentos l\u00fadicos de la Asamblea donde varios empresarios pudieron deleitarse con productos de origen portugu\u00e9s, concretamente el conocido Vino de Oporto. Este momento fue tambi\u00e9n una excelente oportunidad para el networking y el contacto con todos los socios que la empresa tiene en el mercado espa\u00f1ol.<\/p>\n<p>Cassiano Gouveia, CEO de Produtiva, subraya la importancia de la relaci\u00f3n humana y de amistad que Produtiva mantiene con sus socios en el mercado espa\u00f1ol, una relaci\u00f3n que se deriva ya de muchas d\u00e9cadas de colaboraci\u00f3n.<\/p>\n<p>Al final del evento, la delegaci\u00f3n de Produtiva tambi\u00e9n visit\u00f3 a un nutrido grupo de clientes donde pudieron comprobar, in situ, el uso de sus productos, concretamente las cribas de alambre y los tamices.<\/p>\n","protected":false},"excerpt":{"rendered":"<p>A principios de mes se celebr\u00f3 la Asamblea General Ordinaria de ANEFA y Produtiva, como miembro activo de esta organizaci\u00f3n, asisti\u00f3 al evento m\u00e1s importante que re\u00fane a los profesionales del sector. El punto \u00e1lgido de esta reuni\u00f3n fue el homenaje que se rindi\u00f3 al presidente saliente Ram\u00f3n Ruberte Aur\u00e9, que llevaba nueve a\u00f1os en [&hellip;]<\/p>\n","protected":false},"author":2,"featured_media":5742,"comment_status":"open","ping_status":"open","sticky":false,"template":"","format":"standard","meta":{"_monsterinsights_skip_tracking":false,"_monsterinsights_sitenote_active":false,"_monsterinsights_sitenote_note":"","_monsterinsights_sitenote_category":0,"footnotes":""},"categories":[183],"tags":[],"class_list":["post-5744","post","type-post","status-publish","format-standard","has-post-thumbnail","hentry","category-sem-categoria-es"],"yoast_head":"<!-- This site is optimized with the Yoast SEO plugin v25.5 - https:\/\/yoast.com\/wordpress\/plugins\/seo\/ -->\n<title>PRODUTIVA MARCA PRESENCIA EN LA ASAMBLEA GENERAL DE ANEFA 2023 - Produtiva<\/title>\n<meta name=\"robots\" content=\"index, follow, max-snippet:-1, max-image-preview:large, max-video-preview:-1\" \/>\n<link rel=\"canonical\" href=\"https:\/\/www.produtiva.net\/v4\/es\/produtiva-marca-presencia-en-la-asamblea-general-de-anefa-2023\/\" \/>\n<meta property=\"og:locale\" content=\"pt_PT\" \/>\n<meta property=\"og:type\" content=\"article\" \/>\n<meta property=\"og:title\" content=\"PRODUTIVA MARCA PRESENCIA EN LA ASAMBLEA GENERAL DE ANEFA 2023 - Produtiva\" \/>\n<meta property=\"og:description\" content=\"A principios de mes se celebr\u00f3 la Asamblea General Ordinaria de ANEFA y Produtiva, como miembro activo de esta organizaci\u00f3n, asisti\u00f3 al evento m\u00e1s importante que re\u00fane a los profesionales del sector. El punto \u00e1lgido de esta reuni\u00f3n fue el homenaje que se rindi\u00f3 al presidente saliente Ram\u00f3n Ruberte Aur\u00e9, que llevaba nueve a\u00f1os en [&hellip;]\" \/>\n<meta property=\"og:url\" content=\"https:\/\/www.produtiva.net\/v4\/es\/produtiva-marca-presencia-en-la-asamblea-general-de-anefa-2023\/\" \/>\n<meta property=\"og:site_name\" content=\"Produtiva\" \/>\n<meta property=\"article:published_time\" content=\"2023-06-06T09:00:43+00:00\" \/>\n<meta property=\"article:modified_time\" content=\"2023-06-06T09:16:18+00:00\" \/>\n<meta property=\"og:image\" content=\"https:\/\/www.produtiva.net\/v4\/wp-content\/uploads\/2023\/06\/00-produtiva-vino-oporto.png\" \/>\n\t<meta property=\"og:image:width\" content=\"1920\" \/>\n\t<meta property=\"og:image:height\" content=\"1280\" \/>\n\t<meta property=\"og:image:type\" content=\"image\/png\" \/>\n<meta name=\"author\" content=\"Produtiva\" \/>\n<meta name=\"twitter:card\" content=\"summary_large_image\" \/>\n<meta name=\"twitter:label1\" content=\"Escrito por\" \/>\n\t<meta name=\"twitter:data1\" content=\"Produtiva\" \/>\n\t<meta name=\"twitter:label2\" content=\"Tempo estimado de leitura\" \/>\n\t<meta name=\"twitter:data2\" content=\"2 minutos\" \/>\n<script type=\"application\/ld+json\" class=\"yoast-schema-graph\">{\"@context\":\"https:\/\/schema.org\",\"@graph\":[{\"@type\":\"Article\",\"@id\":\"https:\/\/www.produtiva.net\/v4\/es\/produtiva-marca-presencia-en-la-asamblea-general-de-anefa-2023\/#article\",\"isPartOf\":{\"@id\":\"https:\/\/www.produtiva.net\/v4\/es\/produtiva-marca-presencia-en-la-asamblea-general-de-anefa-2023\/\"},\"author\":{\"name\":\"Produtiva\",\"@id\":\"https:\/\/www.produtiva.net\/v4\/#\/schema\/person\/2c87c4ac60b9cb59ace5479c3b4571ce\"},\"headline\":\"PRODUTIVA MARCA PRESENCIA EN LA ASAMBLEA GENERAL DE ANEFA 2023\",\"datePublished\":\"2023-06-06T09:00:43+00:00\",\"dateModified\":\"2023-06-06T09:16:18+00:00\",\"mainEntityOfPage\":{\"@id\":\"https:\/\/www.produtiva.net\/v4\/es\/produtiva-marca-presencia-en-la-asamblea-general-de-anefa-2023\/\"},\"wordCount\":386,\"commentCount\":0,\"publisher\":{\"@id\":\"https:\/\/www.produtiva.net\/v4\/#organization\"},\"image\":{\"@id\":\"https:\/\/www.produtiva.net\/v4\/es\/produtiva-marca-presencia-en-la-asamblea-general-de-anefa-2023\/#primaryimage\"},\"thumbnailUrl\":\"https:\/\/www.produtiva.net\/v4\/wp-content\/uploads\/2023\/06\/00-produtiva-vino-oporto.png\",\"inLanguage\":\"pt-PT\",\"potentialAction\":[{\"@type\":\"CommentAction\",\"name\":\"Comment\",\"target\":[\"https:\/\/www.produtiva.net\/v4\/es\/produtiva-marca-presencia-en-la-asamblea-general-de-anefa-2023\/#respond\"]}]},{\"@type\":\"WebPage\",\"@id\":\"https:\/\/www.produtiva.net\/v4\/es\/produtiva-marca-presencia-en-la-asamblea-general-de-anefa-2023\/\",\"url\":\"https:\/\/www.produtiva.net\/v4\/es\/produtiva-marca-presencia-en-la-asamblea-general-de-anefa-2023\/\",\"name\":\"PRODUTIVA MARCA PRESENCIA EN LA ASAMBLEA GENERAL DE ANEFA 2023 - Produtiva\",\"isPartOf\":{\"@id\":\"https:\/\/www.produtiva.net\/v4\/#website\"},\"primaryImageOfPage\":{\"@id\":\"https:\/\/www.produtiva.net\/v4\/es\/produtiva-marca-presencia-en-la-asamblea-general-de-anefa-2023\/#primaryimage\"},\"image\":{\"@id\":\"https:\/\/www.produtiva.net\/v4\/es\/produtiva-marca-presencia-en-la-asamblea-general-de-anefa-2023\/#primaryimage\"},\"thumbnailUrl\":\"https:\/\/www.produtiva.net\/v4\/wp-content\/uploads\/2023\/06\/00-produtiva-vino-oporto.png\",\"datePublished\":\"2023-06-06T09:00:43+00:00\",\"dateModified\":\"2023-06-06T09:16:18+00:00\",\"breadcrumb\":{\"@id\":\"https:\/\/www.produtiva.net\/v4\/es\/produtiva-marca-presencia-en-la-asamblea-general-de-anefa-2023\/#breadcrumb\"},\"inLanguage\":\"pt-PT\",\"potentialAction\":[{\"@type\":\"ReadAction\",\"target\":[\"https:\/\/www.produtiva.net\/v4\/es\/produtiva-marca-presencia-en-la-asamblea-general-de-anefa-2023\/\"]}]},{\"@type\":\"ImageObject\",\"inLanguage\":\"pt-PT\",\"@id\":\"https:\/\/www.produtiva.net\/v4\/es\/produtiva-marca-presencia-en-la-asamblea-general-de-anefa-2023\/#primaryimage\",\"url\":\"https:\/\/www.produtiva.net\/v4\/wp-content\/uploads\/2023\/06\/00-produtiva-vino-oporto.png\",\"contentUrl\":\"https:\/\/www.produtiva.net\/v4\/wp-content\/uploads\/2023\/06\/00-produtiva-vino-oporto.png\",\"width\":1920,\"height\":1280},{\"@type\":\"BreadcrumbList\",\"@id\":\"https:\/\/www.produtiva.net\/v4\/es\/produtiva-marca-presencia-en-la-asamblea-general-de-anefa-2023\/#breadcrumb\",\"itemListElement\":[{\"@type\":\"ListItem\",\"position\":1,\"name\":\"In\u00edcio\",\"item\":\"https:\/\/www.produtiva.net\/v4\/\"},{\"@type\":\"ListItem\",\"position\":2,\"name\":\"PRODUTIVA MARCA PRESENCIA EN LA ASAMBLEA GENERAL DE ANEFA 2023\"}]},{\"@type\":\"WebSite\",\"@id\":\"https:\/\/www.produtiva.net\/v4\/#website\",\"url\":\"https:\/\/www.produtiva.net\/v4\/\",\"name\":\"Produtiva\",\"description\":\"SA\",\"publisher\":{\"@id\":\"https:\/\/www.produtiva.net\/v4\/#organization\"},\"potentialAction\":[{\"@type\":\"SearchAction\",\"target\":{\"@type\":\"EntryPoint\",\"urlTemplate\":\"https:\/\/www.produtiva.net\/v4\/?s={search_term_string}\"},\"query-input\":{\"@type\":\"PropertyValueSpecification\",\"valueRequired\":true,\"valueName\":\"search_term_string\"}}],\"inLanguage\":\"pt-PT\"},{\"@type\":\"Organization\",\"@id\":\"https:\/\/www.produtiva.net\/v4\/#organization\",\"name\":\"Produtiva\",\"url\":\"https:\/\/www.produtiva.net\/v4\/\",\"logo\":{\"@type\":\"ImageObject\",\"inLanguage\":\"pt-PT\",\"@id\":\"https:\/\/www.produtiva.net\/v4\/#\/schema\/logo\/image\/\",\"url\":\"https:\/\/www.produtiva.net\/v4\/wp-content\/uploads\/2019\/08\/logo-produtiva-black.png\",\"contentUrl\":\"https:\/\/www.produtiva.net\/v4\/wp-content\/uploads\/2019\/08\/logo-produtiva-black.png\",\"width\":238,\"height\":52,\"caption\":\"Produtiva\"},\"image\":{\"@id\":\"https:\/\/www.produtiva.net\/v4\/#\/schema\/logo\/image\/\"}},{\"@type\":\"Person\",\"@id\":\"https:\/\/www.produtiva.net\/v4\/#\/schema\/person\/2c87c4ac60b9cb59ace5479c3b4571ce\",\"name\":\"Produtiva\",\"image\":{\"@type\":\"ImageObject\",\"inLanguage\":\"pt-PT\",\"@id\":\"https:\/\/www.produtiva.net\/v4\/#\/schema\/person\/image\/\",\"url\":\"https:\/\/secure.gravatar.com\/avatar\/ea43f26baabcea9696c056bb57191464169e61d7c6476ac53cb1a95d2d36db9c?s=96&d=mm&r=g\",\"contentUrl\":\"https:\/\/secure.gravatar.com\/avatar\/ea43f26baabcea9696c056bb57191464169e61d7c6476ac53cb1a95d2d36db9c?s=96&d=mm&r=g\",\"caption\":\"Produtiva\"},\"url\":\"https:\/\/www.produtiva.net\/v4\/author\/produtiva\/\"}]}<\/script>\n<!-- \/ Yoast SEO plugin. -->","yoast_head_json":{"title":"PRODUTIVA MARCA PRESENCIA EN LA ASAMBLEA GENERAL DE ANEFA 2023 - Produtiva","robots":{"index":"index","follow":"follow","max-snippet":"max-snippet:-1","max-image-preview":"max-image-preview:large","max-video-preview":"max-video-preview:-1"},"canonical":"https:\/\/www.produtiva.net\/v4\/es\/produtiva-marca-presencia-en-la-asamblea-general-de-anefa-2023\/","og_locale":"pt_PT","og_type":"article","og_title":"PRODUTIVA MARCA PRESENCIA EN LA ASAMBLEA GENERAL DE ANEFA 2023 - Produtiva","og_description":"A principios de mes se celebr\u00f3 la Asamblea General Ordinaria de ANEFA y Produtiva, como miembro activo de esta organizaci\u00f3n, asisti\u00f3 al evento m\u00e1s importante que re\u00fane a los profesionales del sector. El punto \u00e1lgido de esta reuni\u00f3n fue el homenaje que se rindi\u00f3 al presidente saliente Ram\u00f3n Ruberte Aur\u00e9, que llevaba nueve a\u00f1os en [&hellip;]","og_url":"https:\/\/www.produtiva.net\/v4\/es\/produtiva-marca-presencia-en-la-asamblea-general-de-anefa-2023\/","og_site_name":"Produtiva","article_published_time":"2023-06-06T09:00:43+00:00","article_modified_time":"2023-06-06T09:16:18+00:00","og_image":[{"width":1920,"height":1280,"url":"https:\/\/www.produtiva.net\/v4\/wp-content\/uploads\/2023\/06\/00-produtiva-vino-oporto.png","type":"image\/png"}],"author":"Produtiva","twitter_card":"summary_large_image","twitter_misc":{"Escrito por":"Produtiva","Tempo estimado de leitura":"2 minutos"},"schema":{"@context":"https:\/\/schema.org","@graph":[{"@type":"Article","@id":"https:\/\/www.produtiva.net\/v4\/es\/produtiva-marca-presencia-en-la-asamblea-general-de-anefa-2023\/#article","isPartOf":{"@id":"https:\/\/www.produtiva.net\/v4\/es\/produtiva-marca-presencia-en-la-asamblea-general-de-anefa-2023\/"},"author":{"name":"Produtiva","@id":"https:\/\/www.produtiva.net\/v4\/#\/schema\/person\/2c87c4ac60b9cb59ace5479c3b4571ce"},"headline":"PRODUTIVA MARCA PRESENCIA EN LA ASAMBLEA GENERAL DE ANEFA 2023","datePublished":"2023-06-06T09:00:43+00:00","dateModified":"2023-06-06T09:16:18+00:00","mainEntityOfPage":{"@id":"https:\/\/www.produtiva.net\/v4\/es\/produtiva-marca-presencia-en-la-asamblea-general-de-anefa-2023\/"},"wordCount":386,"commentCount":0,"publisher":{"@id":"https:\/\/www.produtiva.net\/v4\/#organization"},"image":{"@id":"https:\/\/www.produtiva.net\/v4\/es\/produtiva-marca-presencia-en-la-asamblea-general-de-anefa-2023\/#primaryimage"},"thumbnailUrl":"https:\/\/www.produtiva.net\/v4\/wp-content\/uploads\/2023\/06\/00-produtiva-vino-oporto.png","inLanguage":"pt-PT","potentialAction":[{"@type":"CommentAction","name":"Comment","target":["https:\/\/www.produtiva.net\/v4\/es\/produtiva-marca-presencia-en-la-asamblea-general-de-anefa-2023\/#respond"]}]},{"@type":"WebPage","@id":"https:\/\/www.produtiva.net\/v4\/es\/produtiva-marca-presencia-en-la-asamblea-general-de-anefa-2023\/","url":"https:\/\/www.produtiva.net\/v4\/es\/produtiva-marca-presencia-en-la-asamblea-general-de-anefa-2023\/","name":"PRODUTIVA MARCA PRESENCIA EN LA ASAMBLEA GENERAL DE ANEFA 2023 - Produtiva","isPartOf":{"@id":"https:\/\/www.produtiva.net\/v4\/#website"},"primaryImageOfPage":{"@id":"https:\/\/www.produtiva.net\/v4\/es\/produtiva-marca-presencia-en-la-asamblea-general-de-anefa-2023\/#primaryimage"},"image":{"@id":"https:\/\/www.produtiva.net\/v4\/es\/produtiva-marca-presencia-en-la-asamblea-general-de-anefa-2023\/#primaryimage"},"thumbnailUrl":"https:\/\/www.produtiva.net\/v4\/wp-content\/uploads\/2023\/06\/00-produtiva-vino-oporto.png","datePublished":"2023-06-06T09:00:43+00:00","dateModified":"2023-06-06T09:16:18+00:00","breadcrumb":{"@id":"https:\/\/www.produtiva.net\/v4\/es\/produtiva-marca-presencia-en-la-asamblea-general-de-anefa-2023\/#breadcrumb"},"inLanguage":"pt-PT","potentialAction":[{"@type":"ReadAction","target":["https:\/\/www.produtiva.net\/v4\/es\/produtiva-marca-presencia-en-la-asamblea-general-de-anefa-2023\/"]}]},{"@type":"ImageObject","inLanguage":"pt-PT","@id":"https:\/\/www.produtiva.net\/v4\/es\/produtiva-marca-presencia-en-la-asamblea-general-de-anefa-2023\/#primaryimage","url":"https:\/\/www.produtiva.net\/v4\/wp-content\/uploads\/2023\/06\/00-produtiva-vino-oporto.png","contentUrl":"https:\/\/www.produtiva.net\/v4\/wp-content\/uploads\/2023\/06\/00-produtiva-vino-oporto.png","width":1920,"height":1280},{"@type":"BreadcrumbList","@id":"https:\/\/www.produtiva.net\/v4\/es\/produtiva-marca-presencia-en-la-asamblea-general-de-anefa-2023\/#breadcrumb","itemListElement":[{"@type":"ListItem","position":1,"name":"In\u00edcio","item":"https:\/\/www.produtiva.net\/v4\/"},{"@type":"ListItem","position":2,"name":"PRODUTIVA MARCA PRESENCIA EN LA ASAMBLEA GENERAL DE ANEFA 2023"}]},{"@type":"WebSite","@id":"https:\/\/www.produtiva.net\/v4\/#website","url":"https:\/\/www.produtiva.net\/v4\/","name":"Produtiva","description":"SA","publisher":{"@id":"https:\/\/www.produtiva.net\/v4\/#organization"},"potentialAction":[{"@type":"SearchAction","target":{"@type":"EntryPoint","urlTemplate":"https:\/\/www.produtiva.net\/v4\/?s={search_term_string}"},"query-input":{"@type":"PropertyValueSpecification","valueRequired":true,"valueName":"search_term_string"}}],"inLanguage":"pt-PT"},{"@type":"Organization","@id":"https:\/\/www.produtiva.net\/v4\/#organization","name":"Produtiva","url":"https:\/\/www.produtiva.net\/v4\/","logo":{"@type":"ImageObject","inLanguage":"pt-PT","@id":"https:\/\/www.produtiva.net\/v4\/#\/schema\/logo\/image\/","url":"https:\/\/www.produtiva.net\/v4\/wp-content\/uploads\/2019\/08\/logo-produtiva-black.png","contentUrl":"https:\/\/www.produtiva.net\/v4\/wp-content\/uploads\/2019\/08\/logo-produtiva-black.png","width":238,"height":52,"caption":"Produtiva"},"image":{"@id":"https:\/\/www.produtiva.net\/v4\/#\/schema\/logo\/image\/"}},{"@type":"Person","@id":"https:\/\/www.produtiva.net\/v4\/#\/schema\/person\/2c87c4ac60b9cb59ace5479c3b4571ce","name":"Produtiva","image":{"@type":"ImageObject","inLanguage":"pt-PT","@id":"https:\/\/www.produtiva.net\/v4\/#\/schema\/person\/image\/","url":"https:\/\/secure.gravatar.com\/avatar\/ea43f26baabcea9696c056bb57191464169e61d7c6476ac53cb1a95d2d36db9c?s=96&d=mm&r=g","contentUrl":"https:\/\/secure.gravatar.com\/avatar\/ea43f26baabcea9696c056bb57191464169e61d7c6476ac53cb1a95d2d36db9c?s=96&d=mm&r=g","caption":"Produtiva"},"url":"https:\/\/www.produtiva.net\/v4\/author\/produtiva\/"}]}},"_links":{"self":[{"href":"https:\/\/www.produtiva.net\/v4\/wp-json\/wp\/v2\/posts\/5744","targetHints":{"allow":["GET"]}}],"collection":[{"href":"https:\/\/www.produtiva.net\/v4\/wp-json\/wp\/v2\/posts"}],"about":[{"href":"https:\/\/www.produtiva.net\/v4\/wp-json\/wp\/v2\/types\/post"}],"author":[{"embeddable":true,"href":"https:\/\/www.produtiva.net\/v4\/wp-json\/wp\/v2\/users\/2"}],"replies":[{"embeddable":true,"href":"https:\/\/www.produtiva.net\/v4\/wp-json\/wp\/v2\/comments?post=5744"}],"version-history":[{"count":1,"href":"https:\/\/www.produtiva.net\/v4\/wp-json\/wp\/v2\/posts\/5744\/revisions"}],"predecessor-version":[{"id":5745,"href":"https:\/\/www.produtiva.net\/v4\/wp-json\/wp\/v2\/posts\/5744\/revisions\/5745"}],"wp:featuredmedia":[{"embeddable":true,"href":"https:\/\/www.produtiva.net\/v4\/wp-json\/wp\/v2\/media\/5742"}],"wp:attachment":[{"href":"https:\/\/www.produtiva.net\/v4\/wp-json\/wp\/v2\/media?parent=5744"}],"wp:term":[{"taxonomy":"category","embeddable":true,"href":"https:\/\/www.produtiva.net\/v4\/wp-json\/wp\/v2\/categories?post=5744"},{"taxonomy":"post_tag","embeddable":true,"href":"https:\/\/www.produtiva.net\/v4\/wp-json\/wp\/v2\/tags?post=5744"}],"curies":[{"name":"wp","href":"https:\/\/api.w.org\/{rel}","templated":true}]}}