{"id":5748,"date":"2023-06-06T09:17:36","date_gmt":"2023-06-06T09:17:36","guid":{"rendered":"https:\/\/www.produtiva.net\/v4\/?p=5748"},"modified":"2023-06-06T09:17:36","modified_gmt":"2023-06-06T09:17:36","slug":"produtiva-participe-a-lassemblee-generale-de-lanefa-2023","status":"publish","type":"post","link":"https:\/\/www.produtiva.net\/v4\/fr\/produtiva-participe-a-lassemblee-generale-de-lanefa-2023\/","title":{"rendered":"PRODUTIVA PARTICIPE A L&#8217;ASSEMBLEE GENERALE DE L&#8217;ANEFA 2023"},"content":{"rendered":"<p>L&#8217;assembl\u00e9e g\u00e9n\u00e9rale de l&#8217;ANEFA a eu lieu au d\u00e9but du mois et Produtiva, en tant que membre actif de cette organisation, \u00e9tait pr\u00e9sente \u00e0 ce qui est l&#8217;\u00e9v\u00e9nement le plus important r\u00e9unissant les professionnels du secteur.<\/p>\n<p>Le point d&#8217;orgue de cette r\u00e9union a \u00e9t\u00e9 l&#8217;hommage rendu au pr\u00e9sident sortant Ram\u00f3n Ruberte Aur\u00e9, en poste depuis neuf ans et remplac\u00e9 par son vice-pr\u00e9sident Santiago S\u00e1nchez \u00c1lvarez. Tous les entrepreneurs pr\u00e9sents ont rendu hommage au travail r\u00e9alis\u00e9 par l&#8217;ancien pr\u00e9sident.<\/p>\n<p>L&#8217;assembl\u00e9e g\u00e9n\u00e9rale a abord\u00e9 toutes les questions qui contribuent au d\u00e9veloppement de l&#8217;activit\u00e9 d&#8217;extraction de granulats, \u00e0 savoir la crise des prix et du co\u00fbt de l&#8217;\u00e9nergie. A ce niveau, les interventions ont \u00e9t\u00e9 nombreuses pour faire le point sur l&#8217;\u00e9tat de l&#8217;art du secteur, avec des informations sur l&#8217;\u00e9volution de ces derniers temps. D&#8217;autre part, il y a \u00e9galement eu des interventions visant \u00e0 promouvoir des solutions pour am\u00e9liorer la comp\u00e9titivit\u00e9 du secteur.<\/p>\n<p>DURABILIT\u00c9 &#8211; \u00c9VOLUTION DU SECTEUR<br \/>\nL&#8217;industrie des granulats a termin\u00e9 l&#8217;ann\u00e9e 2022 avec des chiffres qui attestent de la durabilit\u00e9, puisqu&#8217;ils se maintiennent aux niveaux de l&#8217;ann\u00e9e pr\u00e9c\u00e9dente et que l&#8217;on pr\u00e9voit une continuit\u00e9 pour l&#8217;ann\u00e9e en cours. En 2022, la consommation de granulats s&#8217;\u00e9l\u00e8vera \u00e0 183,8 millions de tonnes, ce qui correspond \u00e0 une croissance r\u00e9siduelle de 2,2 %.<\/p>\n<p>PRODUCTIVA EN POINT DE MIRE<br \/>\nProdutiva \u00e9tait pr\u00e9sent \u00e0 cet \u00e9v\u00e9nement et a sponsoris\u00e9 l&#8217;un des moments r\u00e9cr\u00e9atifs de l&#8217;Assembl\u00e9e, au cours duquel plusieurs entrepreneurs ont pu d\u00e9guster des produits d&#8217;origine portugaise, notamment le c\u00e9l\u00e8bre vin de Porto. Ce moment a \u00e9galement \u00e9t\u00e9 une excellente occasion de nouer des contacts avec tous les partenaires de l&#8217;entreprise sur le march\u00e9 espagnol.<\/p>\n<p>Cassiano Gouveia, PDG de Produtiva, souligne l&#8217;importance de la relation humaine et de l&#8217;amiti\u00e9 que Produtiva entretient avec ses partenaires sur le march\u00e9 espagnol, une relation qui d\u00e9coule d\u00e9j\u00e0 de plusieurs d\u00e9cennies de collaboration.<\/p>\n<p>\u00c0 la fin de l&#8217;\u00e9v\u00e9nement, la d\u00e9l\u00e9gation de Produtiva a \u00e9galement rendu visite \u00e0 un grand groupe de clients o\u00f9 ils ont pu voir, in loco, l&#8217;utilisation de ses produits, \u00e0 savoir des tamis et des cribles m\u00e9talliques.<\/p>\n","protected":false},"excerpt":{"rendered":"<p>L&#8217;assembl\u00e9e g\u00e9n\u00e9rale de l&#8217;ANEFA a eu lieu au d\u00e9but du mois et Produtiva, en tant que membre actif de cette organisation, \u00e9tait pr\u00e9sente \u00e0 ce qui est l&#8217;\u00e9v\u00e9nement le plus important r\u00e9unissant les professionnels du secteur. Le point d&#8217;orgue de cette r\u00e9union a \u00e9t\u00e9 l&#8217;hommage rendu au pr\u00e9sident sortant Ram\u00f3n Ruberte Aur\u00e9, en poste depuis [&hellip;]<\/p>\n","protected":false},"author":2,"featured_media":5742,"comment_status":"open","ping_status":"open","sticky":false,"template":"","format":"standard","meta":{"_monsterinsights_skip_tracking":false,"_monsterinsights_sitenote_active":false,"_monsterinsights_sitenote_note":"","_monsterinsights_sitenote_category":0,"footnotes":""},"categories":[33],"tags":[],"class_list":["post-5748","post","type-post","status-publish","format-standard","has-post-thumbnail","hentry","category-sem-categoria-fr"],"yoast_head":"<!-- This site is optimized with the Yoast SEO plugin v25.5 - https:\/\/yoast.com\/wordpress\/plugins\/seo\/ -->\n<title>PRODUTIVA PARTICIPE A L&#039;ASSEMBLEE GENERALE DE L&#039;ANEFA 2023 - Produtiva<\/title>\n<meta name=\"robots\" content=\"index, follow, max-snippet:-1, max-image-preview:large, max-video-preview:-1\" \/>\n<link rel=\"canonical\" href=\"https:\/\/www.produtiva.net\/v4\/fr\/produtiva-participe-a-lassemblee-generale-de-lanefa-2023\/\" \/>\n<meta property=\"og:locale\" content=\"pt_PT\" \/>\n<meta property=\"og:type\" content=\"article\" \/>\n<meta property=\"og:title\" content=\"PRODUTIVA PARTICIPE A L&#039;ASSEMBLEE GENERALE DE L&#039;ANEFA 2023 - Produtiva\" \/>\n<meta property=\"og:description\" content=\"L&#8217;assembl\u00e9e g\u00e9n\u00e9rale de l&#8217;ANEFA a eu lieu au d\u00e9but du mois et Produtiva, en tant que membre actif de cette organisation, \u00e9tait pr\u00e9sente \u00e0 ce qui est l&#8217;\u00e9v\u00e9nement le plus important r\u00e9unissant les professionnels du secteur. Le point d&#8217;orgue de cette r\u00e9union a \u00e9t\u00e9 l&#8217;hommage rendu au pr\u00e9sident sortant Ram\u00f3n Ruberte Aur\u00e9, en poste depuis [&hellip;]\" \/>\n<meta property=\"og:url\" content=\"https:\/\/www.produtiva.net\/v4\/fr\/produtiva-participe-a-lassemblee-generale-de-lanefa-2023\/\" \/>\n<meta property=\"og:site_name\" content=\"Produtiva\" \/>\n<meta property=\"article:published_time\" content=\"2023-06-06T09:17:36+00:00\" \/>\n<meta property=\"og:image\" content=\"https:\/\/www.produtiva.net\/v4\/wp-content\/uploads\/2023\/06\/00-produtiva-vino-oporto.png\" \/>\n\t<meta property=\"og:image:width\" content=\"1920\" \/>\n\t<meta property=\"og:image:height\" content=\"1280\" \/>\n\t<meta property=\"og:image:type\" content=\"image\/png\" \/>\n<meta name=\"author\" content=\"Produtiva\" \/>\n<meta name=\"twitter:card\" content=\"summary_large_image\" \/>\n<meta name=\"twitter:label1\" content=\"Escrito por\" \/>\n\t<meta name=\"twitter:data1\" content=\"Produtiva\" \/>\n\t<meta name=\"twitter:label2\" content=\"Tempo estimado de leitura\" \/>\n\t<meta name=\"twitter:data2\" content=\"2 minutos\" \/>\n<script type=\"application\/ld+json\" class=\"yoast-schema-graph\">{\"@context\":\"https:\/\/schema.org\",\"@graph\":[{\"@type\":\"Article\",\"@id\":\"https:\/\/www.produtiva.net\/v4\/fr\/produtiva-participe-a-lassemblee-generale-de-lanefa-2023\/#article\",\"isPartOf\":{\"@id\":\"https:\/\/www.produtiva.net\/v4\/fr\/produtiva-participe-a-lassemblee-generale-de-lanefa-2023\/\"},\"author\":{\"name\":\"Produtiva\",\"@id\":\"https:\/\/www.produtiva.net\/v4\/#\/schema\/person\/2c87c4ac60b9cb59ace5479c3b4571ce\"},\"headline\":\"PRODUTIVA PARTICIPE A L&#8217;ASSEMBLEE GENERALE DE L&#8217;ANEFA 2023\",\"datePublished\":\"2023-06-06T09:17:36+00:00\",\"mainEntityOfPage\":{\"@id\":\"https:\/\/www.produtiva.net\/v4\/fr\/produtiva-participe-a-lassemblee-generale-de-lanefa-2023\/\"},\"wordCount\":388,\"commentCount\":0,\"publisher\":{\"@id\":\"https:\/\/www.produtiva.net\/v4\/#organization\"},\"image\":{\"@id\":\"https:\/\/www.produtiva.net\/v4\/fr\/produtiva-participe-a-lassemblee-generale-de-lanefa-2023\/#primaryimage\"},\"thumbnailUrl\":\"https:\/\/www.produtiva.net\/v4\/wp-content\/uploads\/2023\/06\/00-produtiva-vino-oporto.png\",\"inLanguage\":\"pt-PT\",\"potentialAction\":[{\"@type\":\"CommentAction\",\"name\":\"Comment\",\"target\":[\"https:\/\/www.produtiva.net\/v4\/fr\/produtiva-participe-a-lassemblee-generale-de-lanefa-2023\/#respond\"]}]},{\"@type\":\"WebPage\",\"@id\":\"https:\/\/www.produtiva.net\/v4\/fr\/produtiva-participe-a-lassemblee-generale-de-lanefa-2023\/\",\"url\":\"https:\/\/www.produtiva.net\/v4\/fr\/produtiva-participe-a-lassemblee-generale-de-lanefa-2023\/\",\"name\":\"PRODUTIVA PARTICIPE A L'ASSEMBLEE GENERALE DE L'ANEFA 2023 - Produtiva\",\"isPartOf\":{\"@id\":\"https:\/\/www.produtiva.net\/v4\/#website\"},\"primaryImageOfPage\":{\"@id\":\"https:\/\/www.produtiva.net\/v4\/fr\/produtiva-participe-a-lassemblee-generale-de-lanefa-2023\/#primaryimage\"},\"image\":{\"@id\":\"https:\/\/www.produtiva.net\/v4\/fr\/produtiva-participe-a-lassemblee-generale-de-lanefa-2023\/#primaryimage\"},\"thumbnailUrl\":\"https:\/\/www.produtiva.net\/v4\/wp-content\/uploads\/2023\/06\/00-produtiva-vino-oporto.png\",\"datePublished\":\"2023-06-06T09:17:36+00:00\",\"breadcrumb\":{\"@id\":\"https:\/\/www.produtiva.net\/v4\/fr\/produtiva-participe-a-lassemblee-generale-de-lanefa-2023\/#breadcrumb\"},\"inLanguage\":\"pt-PT\",\"potentialAction\":[{\"@type\":\"ReadAction\",\"target\":[\"https:\/\/www.produtiva.net\/v4\/fr\/produtiva-participe-a-lassemblee-generale-de-lanefa-2023\/\"]}]},{\"@type\":\"ImageObject\",\"inLanguage\":\"pt-PT\",\"@id\":\"https:\/\/www.produtiva.net\/v4\/fr\/produtiva-participe-a-lassemblee-generale-de-lanefa-2023\/#primaryimage\",\"url\":\"https:\/\/www.produtiva.net\/v4\/wp-content\/uploads\/2023\/06\/00-produtiva-vino-oporto.png\",\"contentUrl\":\"https:\/\/www.produtiva.net\/v4\/wp-content\/uploads\/2023\/06\/00-produtiva-vino-oporto.png\",\"width\":1920,\"height\":1280},{\"@type\":\"BreadcrumbList\",\"@id\":\"https:\/\/www.produtiva.net\/v4\/fr\/produtiva-participe-a-lassemblee-generale-de-lanefa-2023\/#breadcrumb\",\"itemListElement\":[{\"@type\":\"ListItem\",\"position\":1,\"name\":\"In\u00edcio\",\"item\":\"https:\/\/www.produtiva.net\/v4\/\"},{\"@type\":\"ListItem\",\"position\":2,\"name\":\"PRODUTIVA PARTICIPE A L&#8217;ASSEMBLEE GENERALE DE L&#8217;ANEFA 2023\"}]},{\"@type\":\"WebSite\",\"@id\":\"https:\/\/www.produtiva.net\/v4\/#website\",\"url\":\"https:\/\/www.produtiva.net\/v4\/\",\"name\":\"Produtiva\",\"description\":\"SA\",\"publisher\":{\"@id\":\"https:\/\/www.produtiva.net\/v4\/#organization\"},\"potentialAction\":[{\"@type\":\"SearchAction\",\"target\":{\"@type\":\"EntryPoint\",\"urlTemplate\":\"https:\/\/www.produtiva.net\/v4\/?s={search_term_string}\"},\"query-input\":{\"@type\":\"PropertyValueSpecification\",\"valueRequired\":true,\"valueName\":\"search_term_string\"}}],\"inLanguage\":\"pt-PT\"},{\"@type\":\"Organization\",\"@id\":\"https:\/\/www.produtiva.net\/v4\/#organization\",\"name\":\"Produtiva\",\"url\":\"https:\/\/www.produtiva.net\/v4\/\",\"logo\":{\"@type\":\"ImageObject\",\"inLanguage\":\"pt-PT\",\"@id\":\"https:\/\/www.produtiva.net\/v4\/#\/schema\/logo\/image\/\",\"url\":\"https:\/\/www.produtiva.net\/v4\/wp-content\/uploads\/2019\/08\/logo-produtiva-black.png\",\"contentUrl\":\"https:\/\/www.produtiva.net\/v4\/wp-content\/uploads\/2019\/08\/logo-produtiva-black.png\",\"width\":238,\"height\":52,\"caption\":\"Produtiva\"},\"image\":{\"@id\":\"https:\/\/www.produtiva.net\/v4\/#\/schema\/logo\/image\/\"}},{\"@type\":\"Person\",\"@id\":\"https:\/\/www.produtiva.net\/v4\/#\/schema\/person\/2c87c4ac60b9cb59ace5479c3b4571ce\",\"name\":\"Produtiva\",\"image\":{\"@type\":\"ImageObject\",\"inLanguage\":\"pt-PT\",\"@id\":\"https:\/\/www.produtiva.net\/v4\/#\/schema\/person\/image\/\",\"url\":\"https:\/\/secure.gravatar.com\/avatar\/ea43f26baabcea9696c056bb57191464169e61d7c6476ac53cb1a95d2d36db9c?s=96&d=mm&r=g\",\"contentUrl\":\"https:\/\/secure.gravatar.com\/avatar\/ea43f26baabcea9696c056bb57191464169e61d7c6476ac53cb1a95d2d36db9c?s=96&d=mm&r=g\",\"caption\":\"Produtiva\"},\"url\":\"https:\/\/www.produtiva.net\/v4\/author\/produtiva\/\"}]}<\/script>\n<!-- \/ Yoast SEO plugin. -->","yoast_head_json":{"title":"PRODUTIVA PARTICIPE A L'ASSEMBLEE GENERALE DE L'ANEFA 2023 - Produtiva","robots":{"index":"index","follow":"follow","max-snippet":"max-snippet:-1","max-image-preview":"max-image-preview:large","max-video-preview":"max-video-preview:-1"},"canonical":"https:\/\/www.produtiva.net\/v4\/fr\/produtiva-participe-a-lassemblee-generale-de-lanefa-2023\/","og_locale":"pt_PT","og_type":"article","og_title":"PRODUTIVA PARTICIPE A L'ASSEMBLEE GENERALE DE L'ANEFA 2023 - Produtiva","og_description":"L&#8217;assembl\u00e9e g\u00e9n\u00e9rale de l&#8217;ANEFA a eu lieu au d\u00e9but du mois et Produtiva, en tant que membre actif de cette organisation, \u00e9tait pr\u00e9sente \u00e0 ce qui est l&#8217;\u00e9v\u00e9nement le plus important r\u00e9unissant les professionnels du secteur. Le point d&#8217;orgue de cette r\u00e9union a \u00e9t\u00e9 l&#8217;hommage rendu au pr\u00e9sident sortant Ram\u00f3n Ruberte Aur\u00e9, en poste depuis [&hellip;]","og_url":"https:\/\/www.produtiva.net\/v4\/fr\/produtiva-participe-a-lassemblee-generale-de-lanefa-2023\/","og_site_name":"Produtiva","article_published_time":"2023-06-06T09:17:36+00:00","og_image":[{"width":1920,"height":1280,"url":"https:\/\/www.produtiva.net\/v4\/wp-content\/uploads\/2023\/06\/00-produtiva-vino-oporto.png","type":"image\/png"}],"author":"Produtiva","twitter_card":"summary_large_image","twitter_misc":{"Escrito por":"Produtiva","Tempo estimado de leitura":"2 minutos"},"schema":{"@context":"https:\/\/schema.org","@graph":[{"@type":"Article","@id":"https:\/\/www.produtiva.net\/v4\/fr\/produtiva-participe-a-lassemblee-generale-de-lanefa-2023\/#article","isPartOf":{"@id":"https:\/\/www.produtiva.net\/v4\/fr\/produtiva-participe-a-lassemblee-generale-de-lanefa-2023\/"},"author":{"name":"Produtiva","@id":"https:\/\/www.produtiva.net\/v4\/#\/schema\/person\/2c87c4ac60b9cb59ace5479c3b4571ce"},"headline":"PRODUTIVA PARTICIPE A L&#8217;ASSEMBLEE GENERALE DE L&#8217;ANEFA 2023","datePublished":"2023-06-06T09:17:36+00:00","mainEntityOfPage":{"@id":"https:\/\/www.produtiva.net\/v4\/fr\/produtiva-participe-a-lassemblee-generale-de-lanefa-2023\/"},"wordCount":388,"commentCount":0,"publisher":{"@id":"https:\/\/www.produtiva.net\/v4\/#organization"},"image":{"@id":"https:\/\/www.produtiva.net\/v4\/fr\/produtiva-participe-a-lassemblee-generale-de-lanefa-2023\/#primaryimage"},"thumbnailUrl":"https:\/\/www.produtiva.net\/v4\/wp-content\/uploads\/2023\/06\/00-produtiva-vino-oporto.png","inLanguage":"pt-PT","potentialAction":[{"@type":"CommentAction","name":"Comment","target":["https:\/\/www.produtiva.net\/v4\/fr\/produtiva-participe-a-lassemblee-generale-de-lanefa-2023\/#respond"]}]},{"@type":"WebPage","@id":"https:\/\/www.produtiva.net\/v4\/fr\/produtiva-participe-a-lassemblee-generale-de-lanefa-2023\/","url":"https:\/\/www.produtiva.net\/v4\/fr\/produtiva-participe-a-lassemblee-generale-de-lanefa-2023\/","name":"PRODUTIVA PARTICIPE A L'ASSEMBLEE GENERALE DE L'ANEFA 2023 - Produtiva","isPartOf":{"@id":"https:\/\/www.produtiva.net\/v4\/#website"},"primaryImageOfPage":{"@id":"https:\/\/www.produtiva.net\/v4\/fr\/produtiva-participe-a-lassemblee-generale-de-lanefa-2023\/#primaryimage"},"image":{"@id":"https:\/\/www.produtiva.net\/v4\/fr\/produtiva-participe-a-lassemblee-generale-de-lanefa-2023\/#primaryimage"},"thumbnailUrl":"https:\/\/www.produtiva.net\/v4\/wp-content\/uploads\/2023\/06\/00-produtiva-vino-oporto.png","datePublished":"2023-06-06T09:17:36+00:00","breadcrumb":{"@id":"https:\/\/www.produtiva.net\/v4\/fr\/produtiva-participe-a-lassemblee-generale-de-lanefa-2023\/#breadcrumb"},"inLanguage":"pt-PT","potentialAction":[{"@type":"ReadAction","target":["https:\/\/www.produtiva.net\/v4\/fr\/produtiva-participe-a-lassemblee-generale-de-lanefa-2023\/"]}]},{"@type":"ImageObject","inLanguage":"pt-PT","@id":"https:\/\/www.produtiva.net\/v4\/fr\/produtiva-participe-a-lassemblee-generale-de-lanefa-2023\/#primaryimage","url":"https:\/\/www.produtiva.net\/v4\/wp-content\/uploads\/2023\/06\/00-produtiva-vino-oporto.png","contentUrl":"https:\/\/www.produtiva.net\/v4\/wp-content\/uploads\/2023\/06\/00-produtiva-vino-oporto.png","width":1920,"height":1280},{"@type":"BreadcrumbList","@id":"https:\/\/www.produtiva.net\/v4\/fr\/produtiva-participe-a-lassemblee-generale-de-lanefa-2023\/#breadcrumb","itemListElement":[{"@type":"ListItem","position":1,"name":"In\u00edcio","item":"https:\/\/www.produtiva.net\/v4\/"},{"@type":"ListItem","position":2,"name":"PRODUTIVA PARTICIPE A L&#8217;ASSEMBLEE GENERALE DE L&#8217;ANEFA 2023"}]},{"@type":"WebSite","@id":"https:\/\/www.produtiva.net\/v4\/#website","url":"https:\/\/www.produtiva.net\/v4\/","name":"Produtiva","description":"SA","publisher":{"@id":"https:\/\/www.produtiva.net\/v4\/#organization"},"potentialAction":[{"@type":"SearchAction","target":{"@type":"EntryPoint","urlTemplate":"https:\/\/www.produtiva.net\/v4\/?s={search_term_string}"},"query-input":{"@type":"PropertyValueSpecification","valueRequired":true,"valueName":"search_term_string"}}],"inLanguage":"pt-PT"},{"@type":"Organization","@id":"https:\/\/www.produtiva.net\/v4\/#organization","name":"Produtiva","url":"https:\/\/www.produtiva.net\/v4\/","logo":{"@type":"ImageObject","inLanguage":"pt-PT","@id":"https:\/\/www.produtiva.net\/v4\/#\/schema\/logo\/image\/","url":"https:\/\/www.produtiva.net\/v4\/wp-content\/uploads\/2019\/08\/logo-produtiva-black.png","contentUrl":"https:\/\/www.produtiva.net\/v4\/wp-content\/uploads\/2019\/08\/logo-produtiva-black.png","width":238,"height":52,"caption":"Produtiva"},"image":{"@id":"https:\/\/www.produtiva.net\/v4\/#\/schema\/logo\/image\/"}},{"@type":"Person","@id":"https:\/\/www.produtiva.net\/v4\/#\/schema\/person\/2c87c4ac60b9cb59ace5479c3b4571ce","name":"Produtiva","image":{"@type":"ImageObject","inLanguage":"pt-PT","@id":"https:\/\/www.produtiva.net\/v4\/#\/schema\/person\/image\/","url":"https:\/\/secure.gravatar.com\/avatar\/ea43f26baabcea9696c056bb57191464169e61d7c6476ac53cb1a95d2d36db9c?s=96&d=mm&r=g","contentUrl":"https:\/\/secure.gravatar.com\/avatar\/ea43f26baabcea9696c056bb57191464169e61d7c6476ac53cb1a95d2d36db9c?s=96&d=mm&r=g","caption":"Produtiva"},"url":"https:\/\/www.produtiva.net\/v4\/author\/produtiva\/"}]}},"_links":{"self":[{"href":"https:\/\/www.produtiva.net\/v4\/wp-json\/wp\/v2\/posts\/5748","targetHints":{"allow":["GET"]}}],"collection":[{"href":"https:\/\/www.produtiva.net\/v4\/wp-json\/wp\/v2\/posts"}],"about":[{"href":"https:\/\/www.produtiva.net\/v4\/wp-json\/wp\/v2\/types\/post"}],"author":[{"embeddable":true,"href":"https:\/\/www.produtiva.net\/v4\/wp-json\/wp\/v2\/users\/2"}],"replies":[{"embeddable":true,"href":"https:\/\/www.produtiva.net\/v4\/wp-json\/wp\/v2\/comments?post=5748"}],"version-history":[{"count":1,"href":"https:\/\/www.produtiva.net\/v4\/wp-json\/wp\/v2\/posts\/5748\/revisions"}],"predecessor-version":[{"id":5749,"href":"https:\/\/www.produtiva.net\/v4\/wp-json\/wp\/v2\/posts\/5748\/revisions\/5749"}],"wp:featuredmedia":[{"embeddable":true,"href":"https:\/\/www.produtiva.net\/v4\/wp-json\/wp\/v2\/media\/5742"}],"wp:attachment":[{"href":"https:\/\/www.produtiva.net\/v4\/wp-json\/wp\/v2\/media?parent=5748"}],"wp:term":[{"taxonomy":"category","embeddable":true,"href":"https:\/\/www.produtiva.net\/v4\/wp-json\/wp\/v2\/categories?post=5748"},{"taxonomy":"post_tag","embeddable":true,"href":"https:\/\/www.produtiva.net\/v4\/wp-json\/wp\/v2\/tags?post=5748"}],"curies":[{"name":"wp","href":"https:\/\/api.w.org\/{rel}","templated":true}]}}